{"id":20021,"date":"2023-03-10T21:24:57","date_gmt":"2023-03-11T00:24:57","guid":{"rendered":"https:\/\/www.corenma.gov.br\/site\/?p=20021"},"modified":"2023-03-10T23:08:20","modified_gmt":"2023-03-11T02:08:20","slug":"direcao-do-coren-ma-participa-de-audiencia-publica-que-trata-de-caos-na-saude-em-imperatriz","status":"publish","type":"post","link":"https:\/\/corenma.gov.br\/site2\/direcao-do-coren-ma-participa-de-audiencia-publica-que-trata-de-caos-na-saude-em-imperatriz\/","title":{"rendered":"Dire\u00e7\u00e3o do Coren-MA participa de audi\u00eancia p\u00fablica que trata de crise na sa\u00fade, em Imperatriz"},"content":{"rendered":"<p>A dire\u00e7\u00e3o do Coren-MA participou nesta sexta-feira, 10 de mar\u00e7o, de Audi\u00eancia P\u00fablica no audit\u00f3rio da C\u00e2mara de Vereadores de Imperatriz para tratar sobre o caos na sa\u00fade do munic\u00edpio.<\/p>\n<p>O Conselho deferiu uma Liminar em 10 de janeiro, quando identificou diversas irregularidades no HMI, ap\u00f3s uma inspe\u00e7\u00e3o realizada pela Fiscal do Coren-MA, Amanda Larissa.<\/p>\n<p>Dentre as irregularidades encontradas est\u00e3o o d\u00e9ficit de profissionais da sa\u00fade, falta de medicamentos, falta de instrumentos hospitalares, falta de anota\u00e7\u00e3o de processos de enfermagem, entre outros problemas.<\/p>\n<p>O presidente do Coren-MA, Enf. Jos\u00e9 Carlos J\u00fanior falou sobre a omiss\u00e3o e a falha de presta\u00e7\u00e3o de servi\u00e7o do HMI para com a popula\u00e7\u00e3o imperatrizense.<\/p>\n<p><em>\u201cO Hospital de Imperatriz n\u00e3o atende as exig\u00eancias m\u00ednimas da Legisla\u00e7\u00e3o pertinente a enfermagem, fato que representa consider\u00e1vel risco a sanidade do servi\u00e7o p\u00fablico essencial.\u201d<\/em> Declarou o presidente, Jos\u00e9 Carlos J\u00fanior.<\/p>\n<p>Na audi\u00eancia convocada pela 2\u00aa Vara da Comarca de Imperatriz tamb\u00e9m foram ouvidos gestores municipais de sa\u00fade, ex-pacientes e acompanhantes de pessoas hospitalizada que relataram os problemas existente no hospital.<\/p>\n<p>&nbsp;<\/p>\n<p><a href=\"https:\/\/www.corenma.gov.br\/site\/wp-content\/uploads\/2023\/03\/WhatsApp-Image-2023-03-10-at-20.41.01.jpeg\" class=\"broken_link\"><img loading=\"lazy\" decoding=\"async\" class=\"alignnone wp-image-20022\" src=\"https:\/\/www.corenma.gov.br\/site\/wp-content\/uploads\/2023\/03\/WhatsApp-Image-2023-03-10-at-20.41.01-1024x1024.jpeg\" alt=\"\" width=\"313\" height=\"313\" srcset=\"https:\/\/corenma.gov.br\/site2\/wp-content\/uploads\/2023\/03\/WhatsApp-Image-2023-03-10-at-20.41.01-1024x1024.jpeg 1024w, https:\/\/corenma.gov.br\/site2\/wp-content\/uploads\/2023\/03\/WhatsApp-Image-2023-03-10-at-20.41.01-300x300.jpeg 300w, https:\/\/corenma.gov.br\/site2\/wp-content\/uploads\/2023\/03\/WhatsApp-Image-2023-03-10-at-20.41.01-150x150.jpeg 150w, https:\/\/corenma.gov.br\/site2\/wp-content\/uploads\/2023\/03\/WhatsApp-Image-2023-03-10-at-20.41.01-768x768.jpeg 768w, https:\/\/corenma.gov.br\/site2\/wp-content\/uploads\/2023\/03\/WhatsApp-Image-2023-03-10-at-20.41.01.jpeg 1080w\" sizes=\"(max-width: 313px) 100vw, 313px\" \/><\/a> <a href=\"https:\/\/www.corenma.gov.br\/site\/wp-content\/uploads\/2023\/03\/WhatsApp-Image-2023-03-10-at-20.41.00.jpeg\" class=\"broken_link\"><img loading=\"lazy\" decoding=\"async\" class=\"alignnone wp-image-20023\" src=\"https:\/\/www.corenma.gov.br\/site\/wp-content\/uploads\/2023\/03\/WhatsApp-Image-2023-03-10-at-20.41.00-1024x1024.jpeg\" alt=\"\" width=\"313\" height=\"313\" srcset=\"https:\/\/corenma.gov.br\/site2\/wp-content\/uploads\/2023\/03\/WhatsApp-Image-2023-03-10-at-20.41.00-1024x1024.jpeg 1024w, https:\/\/corenma.gov.br\/site2\/wp-content\/uploads\/2023\/03\/WhatsApp-Image-2023-03-10-at-20.41.00-300x300.jpeg 300w, https:\/\/corenma.gov.br\/site2\/wp-content\/uploads\/2023\/03\/WhatsApp-Image-2023-03-10-at-20.41.00-150x150.jpeg 150w, https:\/\/corenma.gov.br\/site2\/wp-content\/uploads\/2023\/03\/WhatsApp-Image-2023-03-10-at-20.41.00-768x768.jpeg 768w, https:\/\/corenma.gov.br\/site2\/wp-content\/uploads\/2023\/03\/WhatsApp-Image-2023-03-10-at-20.41.00.jpeg 1080w\" sizes=\"(max-width: 313px) 100vw, 313px\" \/><\/a> <a href=\"https:\/\/www.corenma.gov.br\/site\/wp-content\/uploads\/2023\/03\/WhatsApp-Image-2023-03-10-at-20.40.59-1.jpeg\" class=\"broken_link\"><img loading=\"lazy\" decoding=\"async\" class=\"alignnone wp-image-20024\" src=\"https:\/\/www.corenma.gov.br\/site\/wp-content\/uploads\/2023\/03\/WhatsApp-Image-2023-03-10-at-20.40.59-1-1024x1024.jpeg\" alt=\"\" width=\"339\" height=\"339\" srcset=\"https:\/\/corenma.gov.br\/site2\/wp-content\/uploads\/2023\/03\/WhatsApp-Image-2023-03-10-at-20.40.59-1-1024x1024.jpeg 1024w, https:\/\/corenma.gov.br\/site2\/wp-content\/uploads\/2023\/03\/WhatsApp-Image-2023-03-10-at-20.40.59-1-300x300.jpeg 300w, https:\/\/corenma.gov.br\/site2\/wp-content\/uploads\/2023\/03\/WhatsApp-Image-2023-03-10-at-20.40.59-1-150x150.jpeg 150w, https:\/\/corenma.gov.br\/site2\/wp-content\/uploads\/2023\/03\/WhatsApp-Image-2023-03-10-at-20.40.59-1-768x768.jpeg 768w, https:\/\/corenma.gov.br\/site2\/wp-content\/uploads\/2023\/03\/WhatsApp-Image-2023-03-10-at-20.40.59-1.jpeg 1080w\" sizes=\"(max-width: 339px) 100vw, 339px\" \/><\/a> <a href=\"https:\/\/www.corenma.gov.br\/site\/wp-content\/uploads\/2023\/03\/WhatsApp-Image-2023-03-10-at-20.40.59.jpeg\" class=\"broken_link\"><img loading=\"lazy\" decoding=\"async\" class=\"alignnone wp-image-20025\" src=\"https:\/\/www.corenma.gov.br\/site\/wp-content\/uploads\/2023\/03\/WhatsApp-Image-2023-03-10-at-20.40.59-1024x1024.jpeg\" alt=\"\" width=\"316\" height=\"316\" srcset=\"https:\/\/corenma.gov.br\/site2\/wp-content\/uploads\/2023\/03\/WhatsApp-Image-2023-03-10-at-20.40.59-1024x1024.jpeg 1024w, https:\/\/corenma.gov.br\/site2\/wp-content\/uploads\/2023\/03\/WhatsApp-Image-2023-03-10-at-20.40.59-300x300.jpeg 300w, https:\/\/corenma.gov.br\/site2\/wp-content\/uploads\/2023\/03\/WhatsApp-Image-2023-03-10-at-20.40.59-150x150.jpeg 150w, https:\/\/corenma.gov.br\/site2\/wp-content\/uploads\/2023\/03\/WhatsApp-Image-2023-03-10-at-20.40.59-768x768.jpeg 768w, https:\/\/corenma.gov.br\/site2\/wp-content\/uploads\/2023\/03\/WhatsApp-Image-2023-03-10-at-20.40.59.jpeg 1080w\" sizes=\"(max-width: 316px) 100vw, 316px\" \/><\/a><\/p>\n","protected":false},"excerpt":{"rendered":"<p>O Conselho identificou diversas irregularidades no HMI, ap\u00f3s uma inspe\u00e7\u00e3o realizada pela Fiscal do Coren-MA, Amanda Larissa<\/p>\n","protected":false},"author":6,"featured_media":20023,"comment_status":"closed","ping_status":"open","sticky":false,"template":"","format":"standard","meta":{"site-sidebar-layout":"default","site-content-layout":"default","ast-global-header-display":"","ast-banner-title-visibility":"","ast-main-header-display":"","ast-hfb-above-header-display":"","ast-hfb-below-header-display":"","ast-hfb-mobile-header-display":"","site-post-title":"","ast-breadcrumbs-content":"","ast-featured-img":"","footer-sml-layout":"","theme-transparent-header-meta":"","adv-header-id-meta":"","stick-header-meta":"","header-above-stick-meta":"","header-main-stick-meta":"","header-below-stick-meta":"","footnotes":""},"categories":[2],"tags":[],"yoast_head":"<!-- This site is optimized with the Yoast SEO plugin v20.11 - https:\/\/yoast.com\/wordpress\/plugins\/seo\/ -->\n<title>Dire\u00e7\u00e3o do Coren-MA participa de audi\u00eancia p\u00fablica que trata de crise na sa\u00fade, em Imperatriz - Conselho Regional de Enfermagem do Maranh\u00e3o<\/title>\n<meta name=\"robots\" content=\"index, follow, max-snippet:-1, max-image-preview:large, max-video-preview:-1\" \/>\n<link rel=\"canonical\" href=\"https:\/\/corenma.gov.br\/site2\/direcao-do-coren-ma-participa-de-audiencia-publica-que-trata-de-caos-na-saude-em-imperatriz\/\" \/>\n<meta property=\"og:locale\" content=\"pt_BR\" \/>\n<meta property=\"og:type\" content=\"article\" \/>\n<meta property=\"og:title\" content=\"Dire\u00e7\u00e3o do Coren-MA participa de audi\u00eancia p\u00fablica que trata de crise na sa\u00fade, em Imperatriz - Conselho Regional de Enfermagem do Maranh\u00e3o\" \/>\n<meta property=\"og:description\" content=\"O Conselho identificou diversas irregularidades no HMI, ap\u00f3s uma inspe\u00e7\u00e3o realizada pela Fiscal do Coren-MA, Amanda Larissa\" \/>\n<meta property=\"og:url\" content=\"https:\/\/corenma.gov.br\/site2\/direcao-do-coren-ma-participa-de-audiencia-publica-que-trata-de-caos-na-saude-em-imperatriz\/\" \/>\n<meta property=\"og:site_name\" content=\"Conselho Regional de Enfermagem do Maranh\u00e3o\" \/>\n<meta property=\"article:published_time\" content=\"2023-03-11T00:24:57+00:00\" \/>\n<meta property=\"article:modified_time\" content=\"2023-03-11T02:08:20+00:00\" \/>\n<meta property=\"og:image\" content=\"https:\/\/corenma.gov.br\/site2\/wp-content\/uploads\/2023\/03\/WhatsApp-Image-2023-03-10-at-20.41.00.jpeg\" \/>\n\t<meta property=\"og:image:width\" content=\"1080\" \/>\n\t<meta property=\"og:image:height\" content=\"1080\" \/>\n\t<meta property=\"og:image:type\" content=\"image\/jpeg\" \/>\n<meta name=\"author\" content=\"Ascom - COREN\/MA\" \/>\n<meta name=\"twitter:card\" content=\"summary_large_image\" \/>\n<meta name=\"twitter:label1\" content=\"Escrito por\" \/>\n\t<meta name=\"twitter:data1\" content=\"Ascom - COREN\/MA\" \/>\n\t<meta name=\"twitter:label2\" content=\"Est. tempo de leitura\" \/>\n\t<meta name=\"twitter:data2\" content=\"1 minuto\" \/>\n<script type=\"application\/ld+json\" class=\"yoast-schema-graph\">{\"@context\":\"https:\/\/schema.org\",\"@graph\":[{\"@type\":\"Article\",\"@id\":\"https:\/\/corenma.gov.br\/site2\/direcao-do-coren-ma-participa-de-audiencia-publica-que-trata-de-caos-na-saude-em-imperatriz\/#article\",\"isPartOf\":{\"@id\":\"https:\/\/corenma.gov.br\/site2\/direcao-do-coren-ma-participa-de-audiencia-publica-que-trata-de-caos-na-saude-em-imperatriz\/\"},\"author\":{\"name\":\"Ascom - COREN\/MA\",\"@id\":\"https:\/\/corenma.gov.br\/site2\/#\/schema\/person\/a6a6f529838a79ef38f5a9cc2a61c304\"},\"headline\":\"Dire\u00e7\u00e3o do Coren-MA participa de audi\u00eancia p\u00fablica que trata de crise na sa\u00fade, em Imperatriz\",\"datePublished\":\"2023-03-11T00:24:57+00:00\",\"dateModified\":\"2023-03-11T02:08:20+00:00\",\"mainEntityOfPage\":{\"@id\":\"https:\/\/corenma.gov.br\/site2\/direcao-do-coren-ma-participa-de-audiencia-publica-que-trata-de-caos-na-saude-em-imperatriz\/\"},\"wordCount\":217,\"publisher\":{\"@id\":\"https:\/\/corenma.gov.br\/site2\/#organization\"},\"articleSection\":[\"Not\u00edcias\"],\"inLanguage\":\"pt-BR\"},{\"@type\":\"WebPage\",\"@id\":\"https:\/\/corenma.gov.br\/site2\/direcao-do-coren-ma-participa-de-audiencia-publica-que-trata-de-caos-na-saude-em-imperatriz\/\",\"url\":\"https:\/\/corenma.gov.br\/site2\/direcao-do-coren-ma-participa-de-audiencia-publica-que-trata-de-caos-na-saude-em-imperatriz\/\",\"name\":\"Dire\u00e7\u00e3o do Coren-MA participa de audi\u00eancia p\u00fablica que trata de crise na sa\u00fade, em Imperatriz - Conselho Regional de Enfermagem do Maranh\u00e3o\",\"isPartOf\":{\"@id\":\"https:\/\/corenma.gov.br\/site2\/#website\"},\"datePublished\":\"2023-03-11T00:24:57+00:00\",\"dateModified\":\"2023-03-11T02:08:20+00:00\",\"breadcrumb\":{\"@id\":\"https:\/\/corenma.gov.br\/site2\/direcao-do-coren-ma-participa-de-audiencia-publica-que-trata-de-caos-na-saude-em-imperatriz\/#breadcrumb\"},\"inLanguage\":\"pt-BR\",\"potentialAction\":[{\"@type\":\"ReadAction\",\"target\":[\"https:\/\/corenma.gov.br\/site2\/direcao-do-coren-ma-participa-de-audiencia-publica-que-trata-de-caos-na-saude-em-imperatriz\/\"]}]},{\"@type\":\"BreadcrumbList\",\"@id\":\"https:\/\/corenma.gov.br\/site2\/direcao-do-coren-ma-participa-de-audiencia-publica-que-trata-de-caos-na-saude-em-imperatriz\/#breadcrumb\",\"itemListElement\":[{\"@type\":\"ListItem\",\"position\":1,\"name\":\"In\u00edcio\",\"item\":\"https:\/\/corenma.gov.br\/site2\/\"},{\"@type\":\"ListItem\",\"position\":2,\"name\":\"Dire\u00e7\u00e3o do Coren-MA participa de audi\u00eancia p\u00fablica que trata de crise na sa\u00fade, em Imperatriz\"}]},{\"@type\":\"WebSite\",\"@id\":\"https:\/\/corenma.gov.br\/site2\/#website\",\"url\":\"https:\/\/corenma.gov.br\/site2\/\",\"name\":\"Conselho Regional de Enfermagem do Maranh\u00e3o\",\"description\":\"\",\"publisher\":{\"@id\":\"https:\/\/corenma.gov.br\/site2\/#organization\"},\"potentialAction\":[{\"@type\":\"SearchAction\",\"target\":{\"@type\":\"EntryPoint\",\"urlTemplate\":\"https:\/\/corenma.gov.br\/site2\/?s={search_term_string}\"},\"query-input\":\"required name=search_term_string\"}],\"inLanguage\":\"pt-BR\"},{\"@type\":\"Organization\",\"@id\":\"https:\/\/corenma.gov.br\/site2\/#organization\",\"name\":\"Conselho Regional de Enfermagem do Maranh\u00e3o\",\"url\":\"https:\/\/corenma.gov.br\/site2\/\",\"logo\":{\"@type\":\"ImageObject\",\"inLanguage\":\"pt-BR\",\"@id\":\"https:\/\/corenma.gov.br\/site2\/#\/schema\/logo\/image\/\",\"url\":\"https:\/\/corenma.gov.br\/site2\/wp-content\/uploads\/2023\/06\/logo-1.png\",\"contentUrl\":\"https:\/\/corenma.gov.br\/site2\/wp-content\/uploads\/2023\/06\/logo-1.png\",\"width\":156,\"height\":40,\"caption\":\"Conselho Regional de Enfermagem do Maranh\u00e3o\"},\"image\":{\"@id\":\"https:\/\/corenma.gov.br\/site2\/#\/schema\/logo\/image\/\"}},{\"@type\":\"Person\",\"@id\":\"https:\/\/corenma.gov.br\/site2\/#\/schema\/person\/a6a6f529838a79ef38f5a9cc2a61c304\",\"name\":\"Ascom - COREN\/MA\",\"image\":{\"@type\":\"ImageObject\",\"inLanguage\":\"pt-BR\",\"@id\":\"https:\/\/corenma.gov.br\/site2\/#\/schema\/person\/image\/\",\"url\":\"https:\/\/secure.gravatar.com\/avatar\/b3989cee08b2b2296a158eb48bcda1b2?s=96&d=mm&r=g\",\"contentUrl\":\"https:\/\/secure.gravatar.com\/avatar\/b3989cee08b2b2296a158eb48bcda1b2?s=96&d=mm&r=g\",\"caption\":\"Ascom - COREN\/MA\"},\"sameAs\":[\"http:\/\/www.corenma.gov.br\"],\"url\":\"https:\/\/corenma.gov.br\/site2\/author\/ascom\/\"}]}<\/script>\n<!-- \/ Yoast SEO plugin. -->","yoast_head_json":{"title":"Dire\u00e7\u00e3o do Coren-MA participa de audi\u00eancia p\u00fablica que trata de crise na sa\u00fade, em Imperatriz - Conselho Regional de Enfermagem do Maranh\u00e3o","robots":{"index":"index","follow":"follow","max-snippet":"max-snippet:-1","max-image-preview":"max-image-preview:large","max-video-preview":"max-video-preview:-1"},"canonical":"https:\/\/corenma.gov.br\/site2\/direcao-do-coren-ma-participa-de-audiencia-publica-que-trata-de-caos-na-saude-em-imperatriz\/","og_locale":"pt_BR","og_type":"article","og_title":"Dire\u00e7\u00e3o do Coren-MA participa de audi\u00eancia p\u00fablica que trata de crise na sa\u00fade, em Imperatriz - Conselho Regional de Enfermagem do Maranh\u00e3o","og_description":"O Conselho identificou diversas irregularidades no HMI, ap\u00f3s uma inspe\u00e7\u00e3o realizada pela Fiscal do Coren-MA, Amanda Larissa","og_url":"https:\/\/corenma.gov.br\/site2\/direcao-do-coren-ma-participa-de-audiencia-publica-que-trata-de-caos-na-saude-em-imperatriz\/","og_site_name":"Conselho Regional de Enfermagem do Maranh\u00e3o","article_published_time":"2023-03-11T00:24:57+00:00","article_modified_time":"2023-03-11T02:08:20+00:00","og_image":[{"width":1080,"height":1080,"url":"https:\/\/corenma.gov.br\/site2\/wp-content\/uploads\/2023\/03\/WhatsApp-Image-2023-03-10-at-20.41.00.jpeg","type":"image\/jpeg"}],"author":"Ascom - COREN\/MA","twitter_card":"summary_large_image","twitter_misc":{"Escrito por":"Ascom - COREN\/MA","Est. tempo de leitura":"1 minuto"},"schema":{"@context":"https:\/\/schema.org","@graph":[{"@type":"Article","@id":"https:\/\/corenma.gov.br\/site2\/direcao-do-coren-ma-participa-de-audiencia-publica-que-trata-de-caos-na-saude-em-imperatriz\/#article","isPartOf":{"@id":"https:\/\/corenma.gov.br\/site2\/direcao-do-coren-ma-participa-de-audiencia-publica-que-trata-de-caos-na-saude-em-imperatriz\/"},"author":{"name":"Ascom - COREN\/MA","@id":"https:\/\/corenma.gov.br\/site2\/#\/schema\/person\/a6a6f529838a79ef38f5a9cc2a61c304"},"headline":"Dire\u00e7\u00e3o do Coren-MA participa de audi\u00eancia p\u00fablica que trata de crise na sa\u00fade, em Imperatriz","datePublished":"2023-03-11T00:24:57+00:00","dateModified":"2023-03-11T02:08:20+00:00","mainEntityOfPage":{"@id":"https:\/\/corenma.gov.br\/site2\/direcao-do-coren-ma-participa-de-audiencia-publica-que-trata-de-caos-na-saude-em-imperatriz\/"},"wordCount":217,"publisher":{"@id":"https:\/\/corenma.gov.br\/site2\/#organization"},"articleSection":["Not\u00edcias"],"inLanguage":"pt-BR"},{"@type":"WebPage","@id":"https:\/\/corenma.gov.br\/site2\/direcao-do-coren-ma-participa-de-audiencia-publica-que-trata-de-caos-na-saude-em-imperatriz\/","url":"https:\/\/corenma.gov.br\/site2\/direcao-do-coren-ma-participa-de-audiencia-publica-que-trata-de-caos-na-saude-em-imperatriz\/","name":"Dire\u00e7\u00e3o do Coren-MA participa de audi\u00eancia p\u00fablica que trata de crise na sa\u00fade, em Imperatriz - Conselho Regional de Enfermagem do Maranh\u00e3o","isPartOf":{"@id":"https:\/\/corenma.gov.br\/site2\/#website"},"datePublished":"2023-03-11T00:24:57+00:00","dateModified":"2023-03-11T02:08:20+00:00","breadcrumb":{"@id":"https:\/\/corenma.gov.br\/site2\/direcao-do-coren-ma-participa-de-audiencia-publica-que-trata-de-caos-na-saude-em-imperatriz\/#breadcrumb"},"inLanguage":"pt-BR","potentialAction":[{"@type":"ReadAction","target":["https:\/\/corenma.gov.br\/site2\/direcao-do-coren-ma-participa-de-audiencia-publica-que-trata-de-caos-na-saude-em-imperatriz\/"]}]},{"@type":"BreadcrumbList","@id":"https:\/\/corenma.gov.br\/site2\/direcao-do-coren-ma-participa-de-audiencia-publica-que-trata-de-caos-na-saude-em-imperatriz\/#breadcrumb","itemListElement":[{"@type":"ListItem","position":1,"name":"In\u00edcio","item":"https:\/\/corenma.gov.br\/site2\/"},{"@type":"ListItem","position":2,"name":"Dire\u00e7\u00e3o do Coren-MA participa de audi\u00eancia p\u00fablica que trata de crise na sa\u00fade, em Imperatriz"}]},{"@type":"WebSite","@id":"https:\/\/corenma.gov.br\/site2\/#website","url":"https:\/\/corenma.gov.br\/site2\/","name":"Conselho Regional de Enfermagem do Maranh\u00e3o","description":"","publisher":{"@id":"https:\/\/corenma.gov.br\/site2\/#organization"},"potentialAction":[{"@type":"SearchAction","target":{"@type":"EntryPoint","urlTemplate":"https:\/\/corenma.gov.br\/site2\/?s={search_term_string}"},"query-input":"required name=search_term_string"}],"inLanguage":"pt-BR"},{"@type":"Organization","@id":"https:\/\/corenma.gov.br\/site2\/#organization","name":"Conselho Regional de Enfermagem do Maranh\u00e3o","url":"https:\/\/corenma.gov.br\/site2\/","logo":{"@type":"ImageObject","inLanguage":"pt-BR","@id":"https:\/\/corenma.gov.br\/site2\/#\/schema\/logo\/image\/","url":"https:\/\/corenma.gov.br\/site2\/wp-content\/uploads\/2023\/06\/logo-1.png","contentUrl":"https:\/\/corenma.gov.br\/site2\/wp-content\/uploads\/2023\/06\/logo-1.png","width":156,"height":40,"caption":"Conselho Regional de Enfermagem do Maranh\u00e3o"},"image":{"@id":"https:\/\/corenma.gov.br\/site2\/#\/schema\/logo\/image\/"}},{"@type":"Person","@id":"https:\/\/corenma.gov.br\/site2\/#\/schema\/person\/a6a6f529838a79ef38f5a9cc2a61c304","name":"Ascom - COREN\/MA","image":{"@type":"ImageObject","inLanguage":"pt-BR","@id":"https:\/\/corenma.gov.br\/site2\/#\/schema\/person\/image\/","url":"https:\/\/secure.gravatar.com\/avatar\/b3989cee08b2b2296a158eb48bcda1b2?s=96&d=mm&r=g","contentUrl":"https:\/\/secure.gravatar.com\/avatar\/b3989cee08b2b2296a158eb48bcda1b2?s=96&d=mm&r=g","caption":"Ascom - COREN\/MA"},"sameAs":["http:\/\/www.corenma.gov.br"],"url":"https:\/\/corenma.gov.br\/site2\/author\/ascom\/"}]}},"_links":{"self":[{"href":"https:\/\/corenma.gov.br\/site2\/wp-json\/wp\/v2\/posts\/20021"}],"collection":[{"href":"https:\/\/corenma.gov.br\/site2\/wp-json\/wp\/v2\/posts"}],"about":[{"href":"https:\/\/corenma.gov.br\/site2\/wp-json\/wp\/v2\/types\/post"}],"author":[{"embeddable":true,"href":"https:\/\/corenma.gov.br\/site2\/wp-json\/wp\/v2\/users\/6"}],"replies":[{"embeddable":true,"href":"https:\/\/corenma.gov.br\/site2\/wp-json\/wp\/v2\/comments?post=20021"}],"version-history":[{"count":4,"href":"https:\/\/corenma.gov.br\/site2\/wp-json\/wp\/v2\/posts\/20021\/revisions"}],"predecessor-version":[{"id":20029,"href":"https:\/\/corenma.gov.br\/site2\/wp-json\/wp\/v2\/posts\/20021\/revisions\/20029"}],"wp:featuredmedia":[{"embeddable":true,"href":"https:\/\/corenma.gov.br\/site2\/wp-json\/wp\/v2\/media\/20023"}],"wp:attachment":[{"href":"https:\/\/corenma.gov.br\/site2\/wp-json\/wp\/v2\/media?parent=20021"}],"wp:term":[{"taxonomy":"category","embeddable":true,"href":"https:\/\/corenma.gov.br\/site2\/wp-json\/wp\/v2\/categories?post=20021"},{"taxonomy":"post_tag","embeddable":true,"href":"https:\/\/corenma.gov.br\/site2\/wp-json\/wp\/v2\/tags?post=20021"}],"curies":[{"name":"wp","href":"https:\/\/api.w.org\/{rel}","templated":true}]}}