{"id":24812,"date":"2025-03-07T15:44:41","date_gmt":"2025-03-07T18:44:41","guid":{"rendered":"https:\/\/corenma.gov.br\/site2\/?p=24812"},"modified":"2025-03-07T15:45:51","modified_gmt":"2025-03-07T18:45:51","slug":"operacao-sala-de-vacina-meta-atingida-no-maranhao","status":"publish","type":"post","link":"https:\/\/corenma.gov.br\/site2\/operacao-sala-de-vacina-meta-atingida-no-maranhao\/","title":{"rendered":"Opera\u00e7\u00e3o Sala de Vacina: Meta atingida no Maranh\u00e3o"},"content":{"rendered":"<p>O Departamento de Fiscaliza\u00e7\u00e3o do Coren-MA atingiu a meta da Opera\u00e7\u00e3o Sala de Vacina: 100% das salas de vacina p\u00fablicas localizadas na Zona Urbana da Regi\u00e3o Metropolitana. A opera\u00e7\u00e3o \u00e9 coordenada pelo Cofen e executada pelos Conselhos Regionais de Enfermagem. De acordo com a Coordenadora do DEFIS do Coren-MA, Marina Barros, todas as unidades planejadas foram executadas. No total, em fevereiro, foram 129 designa\u00e7\u00f5es de fiscaliza\u00e7\u00e3o. As notifica\u00e7\u00f5es lavradas ser\u00e3o acompanhadas as demais inconformidades ser\u00e3o representadas aos \u00f3rg\u00e3os competentes. Durante a opera\u00e7\u00e3o foram verificadas a situa\u00e7\u00e3o das salas de vacina\u00e7\u00e3o vinculadas aos Sistema \u00danico de Sa\u00fade (SUS), bem como visitadas as secretarias de sa\u00fade para obten\u00e7\u00e3o de dados gerenciais referentes \u00e0 imuniza\u00e7\u00e3o dos munic\u00edpios.<\/p>\n<p><img fetchpriority=\"high\" decoding=\"async\" class=\"alignnone size-full wp-image-24816\" src=\"https:\/\/corenma.gov.br\/site2\/wp-content\/uploads\/2025\/03\/Modelo-Fiscalizacao-COREN-MA-2025-1.png\" alt=\"\" width=\"1080\" height=\"1350\" \/><\/p>\n","protected":false},"excerpt":{"rendered":"<p>O Departamento de Fiscaliza\u00e7\u00e3o do Coren-MA atingiu a meta da Opera\u00e7\u00e3o Sala de Vacina: 100% das salas de vacina p\u00fablicas localizadas na Zona Urbana da Regi\u00e3o Metropolitana. A opera\u00e7\u00e3o \u00e9 coordenada pelo Cofen e executada pelos Conselhos Regionais de Enfermagem. De acordo com a Coordenadora do DEFIS do Coren-MA, Marina Barros, todas as unidades planejadas [&hellip;]<\/p>\n","protected":false},"author":6,"featured_media":24816,"comment_status":"open","ping_status":"open","sticky":false,"template":"","format":"standard","meta":{"site-sidebar-layout":"default","site-content-layout":"default","ast-site-content-layout":"default","site-content-style":"default","site-sidebar-style":"default","ast-global-header-display":"","ast-banner-title-visibility":"","ast-main-header-display":"","ast-hfb-above-header-display":"","ast-hfb-below-header-display":"","ast-hfb-mobile-header-display":"","site-post-title":"","ast-breadcrumbs-content":"","ast-featured-img":"","footer-sml-layout":"","ast-disable-related-posts":"","theme-transparent-header-meta":"default","adv-header-id-meta":"","stick-header-meta":"","header-above-stick-meta":"","header-main-stick-meta":"","header-below-stick-meta":"","astra-migrate-meta-layouts":"default","ast-page-background-enabled":"default","ast-page-background-meta":{"desktop":{"background-color":"var(--ast-global-color-4)","background-image":"","background-repeat":"repeat","background-position":"center center","background-size":"auto","background-attachment":"scroll","background-type":"","background-media":"","overlay-type":"","overlay-color":"","overlay-opacity":"","overlay-gradient":""},"tablet":{"background-color":"","background-image":"","background-repeat":"repeat","background-position":"center center","background-size":"auto","background-attachment":"scroll","background-type":"","background-media":"","overlay-type":"","overlay-color":"","overlay-opacity":"","overlay-gradient":""},"mobile":{"background-color":"","background-image":"","background-repeat":"repeat","background-position":"center center","background-size":"auto","background-attachment":"scroll","background-type":"","background-media":"","overlay-type":"","overlay-color":"","overlay-opacity":"","overlay-gradient":""}},"ast-content-background-meta":{"desktop":{"background-color":"var(--ast-global-color-5)","background-image":"","background-repeat":"repeat","background-position":"center center","background-size":"auto","background-attachment":"scroll","background-type":"","background-media":"","overlay-type":"","overlay-color":"","overlay-opacity":"","overlay-gradient":""},"tablet":{"background-color":"var(--ast-global-color-5)","background-image":"","background-repeat":"repeat","background-position":"center center","background-size":"auto","background-attachment":"scroll","background-type":"","background-media":"","overlay-type":"","overlay-color":"","overlay-opacity":"","overlay-gradient":""},"mobile":{"background-color":"var(--ast-global-color-5)","background-image":"","background-repeat":"repeat","background-position":"center center","background-size":"auto","background-attachment":"scroll","background-type":"","background-media":"","overlay-type":"","overlay-color":"","overlay-opacity":"","overlay-gradient":""}},"footnotes":""},"categories":[2],"tags":[],"class_list":["post-24812","post","type-post","status-publish","format-standard","has-post-thumbnail","hentry","category-noticias"],"yoast_head":"<!-- This site is optimized with the Yoast SEO plugin v28.3 - https:\/\/yoast.com\/product\/yoast-seo-wordpress\/ -->\n<title>Opera\u00e7\u00e3o Sala de Vacina: Meta atingida no Maranh\u00e3o - Conselho Regional de Enfermagem do Maranh\u00e3o<\/title>\n<meta name=\"robots\" content=\"index, follow, max-snippet:-1, max-image-preview:large, max-video-preview:-1\" \/>\n<link rel=\"canonical\" href=\"https:\/\/corenma.gov.br\/site2\/operacao-sala-de-vacina-meta-atingida-no-maranhao\/\" \/>\n<meta property=\"og:locale\" content=\"pt_BR\" \/>\n<meta property=\"og:type\" content=\"article\" \/>\n<meta property=\"og:title\" content=\"Opera\u00e7\u00e3o Sala de Vacina: Meta atingida no Maranh\u00e3o - Conselho Regional de Enfermagem do Maranh\u00e3o\" \/>\n<meta property=\"og:description\" content=\"O Departamento de Fiscaliza\u00e7\u00e3o do Coren-MA atingiu a meta da Opera\u00e7\u00e3o Sala de Vacina: 100% das salas de vacina p\u00fablicas localizadas na Zona Urbana da Regi\u00e3o Metropolitana. A opera\u00e7\u00e3o \u00e9 coordenada pelo Cofen e executada pelos Conselhos Regionais de Enfermagem. De acordo com a Coordenadora do DEFIS do Coren-MA, Marina Barros, todas as unidades planejadas [&hellip;]\" \/>\n<meta property=\"og:url\" content=\"https:\/\/corenma.gov.br\/site2\/operacao-sala-de-vacina-meta-atingida-no-maranhao\/\" \/>\n<meta property=\"og:site_name\" content=\"Conselho Regional de Enfermagem do Maranh\u00e3o\" \/>\n<meta property=\"article:published_time\" content=\"2025-03-07T18:44:41+00:00\" \/>\n<meta property=\"article:modified_time\" content=\"2025-03-07T18:45:51+00:00\" \/>\n<meta property=\"og:image\" content=\"https:\/\/corenma.gov.br\/site2\/wp-content\/uploads\/2025\/03\/Modelo-Fiscalizacao-COREN-MA-2025-1.png\" \/>\n\t<meta property=\"og:image:width\" content=\"1080\" \/>\n\t<meta property=\"og:image:height\" content=\"1350\" \/>\n\t<meta property=\"og:image:type\" content=\"image\/png\" \/>\n<meta name=\"author\" content=\"Ascom - COREN\/MA\" \/>\n<meta name=\"twitter:card\" content=\"summary_large_image\" \/>\n<meta name=\"twitter:label1\" content=\"Escrito por\" \/>\n\t<meta name=\"twitter:data1\" content=\"Ascom - COREN\/MA\" \/>\n\t<meta name=\"twitter:label2\" content=\"Est. tempo de leitura\" \/>\n\t<meta name=\"twitter:data2\" content=\"1 minuto\" \/>\n<script type=\"application\/ld+json\" class=\"yoast-schema-graph\">{\"@context\":\"https:\\\/\\\/schema.org\",\"@graph\":[{\"@type\":\"Article\",\"@id\":\"https:\\\/\\\/corenma.gov.br\\\/site2\\\/operacao-sala-de-vacina-meta-atingida-no-maranhao\\\/#article\",\"isPartOf\":{\"@id\":\"https:\\\/\\\/corenma.gov.br\\\/site2\\\/operacao-sala-de-vacina-meta-atingida-no-maranhao\\\/\"},\"author\":{\"name\":\"Ascom - COREN\\\/MA\",\"@id\":\"https:\\\/\\\/corenma.gov.br\\\/site2\\\/#\\\/schema\\\/person\\\/a6a6f529838a79ef38f5a9cc2a61c304\"},\"headline\":\"Opera\u00e7\u00e3o Sala de Vacina: Meta atingida no Maranh\u00e3o\",\"datePublished\":\"2025-03-07T18:44:41+00:00\",\"dateModified\":\"2025-03-07T18:45:51+00:00\",\"mainEntityOfPage\":{\"@id\":\"https:\\\/\\\/corenma.gov.br\\\/site2\\\/operacao-sala-de-vacina-meta-atingida-no-maranhao\\\/\"},\"wordCount\":139,\"commentCount\":0,\"publisher\":{\"@id\":\"https:\\\/\\\/corenma.gov.br\\\/site2\\\/#organization\"},\"image\":{\"@id\":\"https:\\\/\\\/corenma.gov.br\\\/site2\\\/operacao-sala-de-vacina-meta-atingida-no-maranhao\\\/#primaryimage\"},\"thumbnailUrl\":\"https:\\\/\\\/corenma.gov.br\\\/site2\\\/wp-content\\\/uploads\\\/2025\\\/03\\\/Modelo-Fiscalizacao-COREN-MA-2025-1.png\",\"articleSection\":[\"Not\u00edcias\"],\"inLanguage\":\"pt-BR\",\"potentialAction\":[{\"@type\":\"CommentAction\",\"name\":\"Comment\",\"target\":[\"https:\\\/\\\/corenma.gov.br\\\/site2\\\/operacao-sala-de-vacina-meta-atingida-no-maranhao\\\/#respond\"]}]},{\"@type\":\"WebPage\",\"@id\":\"https:\\\/\\\/corenma.gov.br\\\/site2\\\/operacao-sala-de-vacina-meta-atingida-no-maranhao\\\/\",\"url\":\"https:\\\/\\\/corenma.gov.br\\\/site2\\\/operacao-sala-de-vacina-meta-atingida-no-maranhao\\\/\",\"name\":\"Opera\u00e7\u00e3o Sala de Vacina: Meta atingida no Maranh\u00e3o - Conselho Regional de Enfermagem do Maranh\u00e3o\",\"isPartOf\":{\"@id\":\"https:\\\/\\\/corenma.gov.br\\\/site2\\\/#website\"},\"primaryImageOfPage\":{\"@id\":\"https:\\\/\\\/corenma.gov.br\\\/site2\\\/operacao-sala-de-vacina-meta-atingida-no-maranhao\\\/#primaryimage\"},\"image\":{\"@id\":\"https:\\\/\\\/corenma.gov.br\\\/site2\\\/operacao-sala-de-vacina-meta-atingida-no-maranhao\\\/#primaryimage\"},\"thumbnailUrl\":\"https:\\\/\\\/corenma.gov.br\\\/site2\\\/wp-content\\\/uploads\\\/2025\\\/03\\\/Modelo-Fiscalizacao-COREN-MA-2025-1.png\",\"datePublished\":\"2025-03-07T18:44:41+00:00\",\"dateModified\":\"2025-03-07T18:45:51+00:00\",\"breadcrumb\":{\"@id\":\"https:\\\/\\\/corenma.gov.br\\\/site2\\\/operacao-sala-de-vacina-meta-atingida-no-maranhao\\\/#breadcrumb\"},\"inLanguage\":\"pt-BR\",\"potentialAction\":[{\"@type\":\"ReadAction\",\"target\":[\"https:\\\/\\\/corenma.gov.br\\\/site2\\\/operacao-sala-de-vacina-meta-atingida-no-maranhao\\\/\"]}]},{\"@type\":\"ImageObject\",\"inLanguage\":\"pt-BR\",\"@id\":\"https:\\\/\\\/corenma.gov.br\\\/site2\\\/operacao-sala-de-vacina-meta-atingida-no-maranhao\\\/#primaryimage\",\"url\":\"https:\\\/\\\/corenma.gov.br\\\/site2\\\/wp-content\\\/uploads\\\/2025\\\/03\\\/Modelo-Fiscalizacao-COREN-MA-2025-1.png\",\"contentUrl\":\"https:\\\/\\\/corenma.gov.br\\\/site2\\\/wp-content\\\/uploads\\\/2025\\\/03\\\/Modelo-Fiscalizacao-COREN-MA-2025-1.png\",\"width\":1080,\"height\":1350},{\"@type\":\"BreadcrumbList\",\"@id\":\"https:\\\/\\\/corenma.gov.br\\\/site2\\\/operacao-sala-de-vacina-meta-atingida-no-maranhao\\\/#breadcrumb\",\"itemListElement\":[{\"@type\":\"ListItem\",\"position\":1,\"name\":\"In\u00edcio\",\"item\":\"https:\\\/\\\/corenma.gov.br\\\/site2\\\/\"},{\"@type\":\"ListItem\",\"position\":2,\"name\":\"Opera\u00e7\u00e3o Sala de Vacina: Meta atingida no Maranh\u00e3o\"}]},{\"@type\":\"WebSite\",\"@id\":\"https:\\\/\\\/corenma.gov.br\\\/site2\\\/#website\",\"url\":\"https:\\\/\\\/corenma.gov.br\\\/site2\\\/\",\"name\":\"Conselho Regional de Enfermagem do Maranh\u00e3o\",\"description\":\"\",\"publisher\":{\"@id\":\"https:\\\/\\\/corenma.gov.br\\\/site2\\\/#organization\"},\"potentialAction\":[{\"@type\":\"SearchAction\",\"target\":{\"@type\":\"EntryPoint\",\"urlTemplate\":\"https:\\\/\\\/corenma.gov.br\\\/site2\\\/?s={search_term_string}\"},\"query-input\":{\"@type\":\"PropertyValueSpecification\",\"valueRequired\":true,\"valueName\":\"search_term_string\"}}],\"inLanguage\":\"pt-BR\"},{\"@type\":\"Organization\",\"@id\":\"https:\\\/\\\/corenma.gov.br\\\/site2\\\/#organization\",\"name\":\"Conselho Regional de Enfermagem do Maranh\u00e3o\",\"url\":\"https:\\\/\\\/corenma.gov.br\\\/site2\\\/\",\"logo\":{\"@type\":\"ImageObject\",\"inLanguage\":\"pt-BR\",\"@id\":\"https:\\\/\\\/corenma.gov.br\\\/site2\\\/#\\\/schema\\\/logo\\\/image\\\/\",\"url\":\"https:\\\/\\\/corenma.gov.br\\\/site2\\\/wp-content\\\/uploads\\\/2023\\\/06\\\/logo-1.png\",\"contentUrl\":\"https:\\\/\\\/corenma.gov.br\\\/site2\\\/wp-content\\\/uploads\\\/2023\\\/06\\\/logo-1.png\",\"width\":156,\"height\":40,\"caption\":\"Conselho Regional de Enfermagem do Maranh\u00e3o\"},\"image\":{\"@id\":\"https:\\\/\\\/corenma.gov.br\\\/site2\\\/#\\\/schema\\\/logo\\\/image\\\/\"}},{\"@type\":\"Person\",\"@id\":\"https:\\\/\\\/corenma.gov.br\\\/site2\\\/#\\\/schema\\\/person\\\/a6a6f529838a79ef38f5a9cc2a61c304\",\"name\":\"Ascom - COREN\\\/MA\",\"image\":{\"@type\":\"ImageObject\",\"inLanguage\":\"pt-BR\",\"@id\":\"https:\\\/\\\/secure.gravatar.com\\\/avatar\\\/f13cf72d9779ab040ffe8a976b21b56c5920ff77dde30e738fe97759c9d72f80?s=96&d=mm&r=g\",\"url\":\"https:\\\/\\\/secure.gravatar.com\\\/avatar\\\/f13cf72d9779ab040ffe8a976b21b56c5920ff77dde30e738fe97759c9d72f80?s=96&d=mm&r=g\",\"contentUrl\":\"https:\\\/\\\/secure.gravatar.com\\\/avatar\\\/f13cf72d9779ab040ffe8a976b21b56c5920ff77dde30e738fe97759c9d72f80?s=96&d=mm&r=g\",\"caption\":\"Ascom - COREN\\\/MA\"},\"sameAs\":[\"http:\\\/\\\/www.corenma.gov.br\"],\"url\":\"https:\\\/\\\/corenma.gov.br\\\/site2\\\/author\\\/ascom\\\/\"}]}<\/script>\n<!-- \/ Yoast SEO plugin. -->","yoast_head_json":{"title":"Opera\u00e7\u00e3o Sala de Vacina: Meta atingida no Maranh\u00e3o - Conselho Regional de Enfermagem do Maranh\u00e3o","robots":{"index":"index","follow":"follow","max-snippet":"max-snippet:-1","max-image-preview":"max-image-preview:large","max-video-preview":"max-video-preview:-1"},"canonical":"https:\/\/corenma.gov.br\/site2\/operacao-sala-de-vacina-meta-atingida-no-maranhao\/","og_locale":"pt_BR","og_type":"article","og_title":"Opera\u00e7\u00e3o Sala de Vacina: Meta atingida no Maranh\u00e3o - Conselho Regional de Enfermagem do Maranh\u00e3o","og_description":"O Departamento de Fiscaliza\u00e7\u00e3o do Coren-MA atingiu a meta da Opera\u00e7\u00e3o Sala de Vacina: 100% das salas de vacina p\u00fablicas localizadas na Zona Urbana da Regi\u00e3o Metropolitana. A opera\u00e7\u00e3o \u00e9 coordenada pelo Cofen e executada pelos Conselhos Regionais de Enfermagem. De acordo com a Coordenadora do DEFIS do Coren-MA, Marina Barros, todas as unidades planejadas [&hellip;]","og_url":"https:\/\/corenma.gov.br\/site2\/operacao-sala-de-vacina-meta-atingida-no-maranhao\/","og_site_name":"Conselho Regional de Enfermagem do Maranh\u00e3o","article_published_time":"2025-03-07T18:44:41+00:00","article_modified_time":"2025-03-07T18:45:51+00:00","og_image":[{"width":1080,"height":1350,"url":"https:\/\/corenma.gov.br\/site2\/wp-content\/uploads\/2025\/03\/Modelo-Fiscalizacao-COREN-MA-2025-1.png","type":"image\/png"}],"author":"Ascom - COREN\/MA","twitter_card":"summary_large_image","twitter_misc":{"Escrito por":"Ascom - COREN\/MA","Est. tempo de leitura":"1 minuto"},"schema":{"@context":"https:\/\/schema.org","@graph":[{"@type":"Article","@id":"https:\/\/corenma.gov.br\/site2\/operacao-sala-de-vacina-meta-atingida-no-maranhao\/#article","isPartOf":{"@id":"https:\/\/corenma.gov.br\/site2\/operacao-sala-de-vacina-meta-atingida-no-maranhao\/"},"author":{"name":"Ascom - COREN\/MA","@id":"https:\/\/corenma.gov.br\/site2\/#\/schema\/person\/a6a6f529838a79ef38f5a9cc2a61c304"},"headline":"Opera\u00e7\u00e3o Sala de Vacina: Meta atingida no Maranh\u00e3o","datePublished":"2025-03-07T18:44:41+00:00","dateModified":"2025-03-07T18:45:51+00:00","mainEntityOfPage":{"@id":"https:\/\/corenma.gov.br\/site2\/operacao-sala-de-vacina-meta-atingida-no-maranhao\/"},"wordCount":139,"commentCount":0,"publisher":{"@id":"https:\/\/corenma.gov.br\/site2\/#organization"},"image":{"@id":"https:\/\/corenma.gov.br\/site2\/operacao-sala-de-vacina-meta-atingida-no-maranhao\/#primaryimage"},"thumbnailUrl":"https:\/\/corenma.gov.br\/site2\/wp-content\/uploads\/2025\/03\/Modelo-Fiscalizacao-COREN-MA-2025-1.png","articleSection":["Not\u00edcias"],"inLanguage":"pt-BR","potentialAction":[{"@type":"CommentAction","name":"Comment","target":["https:\/\/corenma.gov.br\/site2\/operacao-sala-de-vacina-meta-atingida-no-maranhao\/#respond"]}]},{"@type":"WebPage","@id":"https:\/\/corenma.gov.br\/site2\/operacao-sala-de-vacina-meta-atingida-no-maranhao\/","url":"https:\/\/corenma.gov.br\/site2\/operacao-sala-de-vacina-meta-atingida-no-maranhao\/","name":"Opera\u00e7\u00e3o Sala de Vacina: Meta atingida no Maranh\u00e3o - Conselho Regional de Enfermagem do Maranh\u00e3o","isPartOf":{"@id":"https:\/\/corenma.gov.br\/site2\/#website"},"primaryImageOfPage":{"@id":"https:\/\/corenma.gov.br\/site2\/operacao-sala-de-vacina-meta-atingida-no-maranhao\/#primaryimage"},"image":{"@id":"https:\/\/corenma.gov.br\/site2\/operacao-sala-de-vacina-meta-atingida-no-maranhao\/#primaryimage"},"thumbnailUrl":"https:\/\/corenma.gov.br\/site2\/wp-content\/uploads\/2025\/03\/Modelo-Fiscalizacao-COREN-MA-2025-1.png","datePublished":"2025-03-07T18:44:41+00:00","dateModified":"2025-03-07T18:45:51+00:00","breadcrumb":{"@id":"https:\/\/corenma.gov.br\/site2\/operacao-sala-de-vacina-meta-atingida-no-maranhao\/#breadcrumb"},"inLanguage":"pt-BR","potentialAction":[{"@type":"ReadAction","target":["https:\/\/corenma.gov.br\/site2\/operacao-sala-de-vacina-meta-atingida-no-maranhao\/"]}]},{"@type":"ImageObject","inLanguage":"pt-BR","@id":"https:\/\/corenma.gov.br\/site2\/operacao-sala-de-vacina-meta-atingida-no-maranhao\/#primaryimage","url":"https:\/\/corenma.gov.br\/site2\/wp-content\/uploads\/2025\/03\/Modelo-Fiscalizacao-COREN-MA-2025-1.png","contentUrl":"https:\/\/corenma.gov.br\/site2\/wp-content\/uploads\/2025\/03\/Modelo-Fiscalizacao-COREN-MA-2025-1.png","width":1080,"height":1350},{"@type":"BreadcrumbList","@id":"https:\/\/corenma.gov.br\/site2\/operacao-sala-de-vacina-meta-atingida-no-maranhao\/#breadcrumb","itemListElement":[{"@type":"ListItem","position":1,"name":"In\u00edcio","item":"https:\/\/corenma.gov.br\/site2\/"},{"@type":"ListItem","position":2,"name":"Opera\u00e7\u00e3o Sala de Vacina: Meta atingida no Maranh\u00e3o"}]},{"@type":"WebSite","@id":"https:\/\/corenma.gov.br\/site2\/#website","url":"https:\/\/corenma.gov.br\/site2\/","name":"Conselho Regional de Enfermagem do Maranh\u00e3o","description":"","publisher":{"@id":"https:\/\/corenma.gov.br\/site2\/#organization"},"potentialAction":[{"@type":"SearchAction","target":{"@type":"EntryPoint","urlTemplate":"https:\/\/corenma.gov.br\/site2\/?s={search_term_string}"},"query-input":{"@type":"PropertyValueSpecification","valueRequired":true,"valueName":"search_term_string"}}],"inLanguage":"pt-BR"},{"@type":"Organization","@id":"https:\/\/corenma.gov.br\/site2\/#organization","name":"Conselho Regional de Enfermagem do Maranh\u00e3o","url":"https:\/\/corenma.gov.br\/site2\/","logo":{"@type":"ImageObject","inLanguage":"pt-BR","@id":"https:\/\/corenma.gov.br\/site2\/#\/schema\/logo\/image\/","url":"https:\/\/corenma.gov.br\/site2\/wp-content\/uploads\/2023\/06\/logo-1.png","contentUrl":"https:\/\/corenma.gov.br\/site2\/wp-content\/uploads\/2023\/06\/logo-1.png","width":156,"height":40,"caption":"Conselho Regional de Enfermagem do Maranh\u00e3o"},"image":{"@id":"https:\/\/corenma.gov.br\/site2\/#\/schema\/logo\/image\/"}},{"@type":"Person","@id":"https:\/\/corenma.gov.br\/site2\/#\/schema\/person\/a6a6f529838a79ef38f5a9cc2a61c304","name":"Ascom - COREN\/MA","image":{"@type":"ImageObject","inLanguage":"pt-BR","@id":"https:\/\/secure.gravatar.com\/avatar\/f13cf72d9779ab040ffe8a976b21b56c5920ff77dde30e738fe97759c9d72f80?s=96&d=mm&r=g","url":"https:\/\/secure.gravatar.com\/avatar\/f13cf72d9779ab040ffe8a976b21b56c5920ff77dde30e738fe97759c9d72f80?s=96&d=mm&r=g","contentUrl":"https:\/\/secure.gravatar.com\/avatar\/f13cf72d9779ab040ffe8a976b21b56c5920ff77dde30e738fe97759c9d72f80?s=96&d=mm&r=g","caption":"Ascom - COREN\/MA"},"sameAs":["http:\/\/www.corenma.gov.br"],"url":"https:\/\/corenma.gov.br\/site2\/author\/ascom\/"}]}},"_links":{"self":[{"href":"https:\/\/corenma.gov.br\/site2\/wp-json\/wp\/v2\/posts\/24812","targetHints":{"allow":["GET"]}}],"collection":[{"href":"https:\/\/corenma.gov.br\/site2\/wp-json\/wp\/v2\/posts"}],"about":[{"href":"https:\/\/corenma.gov.br\/site2\/wp-json\/wp\/v2\/types\/post"}],"author":[{"embeddable":true,"href":"https:\/\/corenma.gov.br\/site2\/wp-json\/wp\/v2\/users\/6"}],"replies":[{"embeddable":true,"href":"https:\/\/corenma.gov.br\/site2\/wp-json\/wp\/v2\/comments?post=24812"}],"version-history":[{"count":1,"href":"https:\/\/corenma.gov.br\/site2\/wp-json\/wp\/v2\/posts\/24812\/revisions"}],"predecessor-version":[{"id":24817,"href":"https:\/\/corenma.gov.br\/site2\/wp-json\/wp\/v2\/posts\/24812\/revisions\/24817"}],"wp:featuredmedia":[{"embeddable":true,"href":"https:\/\/corenma.gov.br\/site2\/wp-json\/wp\/v2\/media\/24816"}],"wp:attachment":[{"href":"https:\/\/corenma.gov.br\/site2\/wp-json\/wp\/v2\/media?parent=24812"}],"wp:term":[{"taxonomy":"category","embeddable":true,"href":"https:\/\/corenma.gov.br\/site2\/wp-json\/wp\/v2\/categories?post=24812"},{"taxonomy":"post_tag","embeddable":true,"href":"https:\/\/corenma.gov.br\/site2\/wp-json\/wp\/v2\/tags?post=24812"}],"curies":[{"name":"wp","href":"https:\/\/api.w.org\/{rel}","templated":true}]}}