{"id":25441,"date":"2026-04-27T11:03:57","date_gmt":"2026-04-27T14:03:57","guid":{"rendered":"https:\/\/corenma.gov.br\/site2\/?p=25441"},"modified":"2026-04-27T11:03:57","modified_gmt":"2026-04-27T14:03:57","slug":"coren-ma-celebra-50-anos-de-historia-com-homenagens-e-fortalecimento-institucional-durante-o-semad-2026","status":"publish","type":"post","link":"https:\/\/corenma.gov.br\/site2\/coren-ma-celebra-50-anos-de-historia-com-homenagens-e-fortalecimento-institucional-durante-o-semad-2026\/","title":{"rendered":"Coren-MA celebra 50 anos de hist\u00f3ria com homenagens e fortalecimento institucional durante o SEMAD 2026"},"content":{"rendered":"<p><img loading=\"lazy\" decoding=\"async\" class=\"alignnone  wp-image-25442\" src=\"https:\/\/corenma.gov.br\/site2\/wp-content\/uploads\/2026\/04\/0K0A7211.jpg\" alt=\"\" width=\"608\" height=\"405\" \/><\/p>\n<p>O Conselho Regional de Enfermagem do Maranh\u00e3o (Coren-MA) viveu um momento hist\u00f3rico ao celebrar seus 50 anos de atua\u00e7\u00e3o em uma solenidade marcada pelo reconhecimento, valoriza\u00e7\u00e3o da Enfermagem e pela presen\u00e7a de grandes nomes da pol\u00edtica maranhense e nacional.<\/p>\n<p>A programa\u00e7\u00e3o especial destacou a trajet\u00f3ria do Conselho e sua contribui\u00e7\u00e3o para o fortalecimento da profiss\u00e3o no estado, reunindo autoridades, profissionais e colaboradores em uma celebra\u00e7\u00e3o que enalteceu o passado e renovou os compromissos com o futuro da categoria.<\/p>\n<p>Durante a cerim\u00f4nia, personalidades e profissionais que marcaram a hist\u00f3ria da Enfermagem e do Coren-MA foram homenageados. Entre os reconhecidos estiveram o ex-presidente da Rep\u00fablica Jos\u00e9 Sarney, respons\u00e1vel pela san\u00e7\u00e3o da lei que regulamentou a profiss\u00e3o de Enfermagem no Brasil; Dona Selma Lima Rodrigues, pelos 50 anos de relevantes servi\u00e7os prestados ao Conselho; Ana Paula Barros, fiscal mais antiga em atividade; e o presidente do Conselho Federal de Enfermagem (Cofen), Manoel Neri, representado pela conselheira federal, Kelly Inaiane Dias, acompanhada da Procuradora-Geral da institui\u00e7\u00e3o, Dra. Tycianna Gomes da Silva Monte Alegre.<\/p>\n<p>Al\u00e9m das homenagens, a celebra\u00e7\u00e3o tamb\u00e9m contou com a realiza\u00e7\u00e3o do Semin\u00e1rio Administrativo 2026 (SEMAD), evento institucional voltado ao fortalecimento da gest\u00e3o administrativa, ao alinhamento interno e \u00e0 qualifica\u00e7\u00e3o t\u00e9cnica dos colaboradores do Coren-MA.<\/p>\n<p>O semin\u00e1rio foi marcado por momentos de aprendizado, reflex\u00e3o e fortalecimento institucional. As palestras e workshops promovidos ao longo da programa\u00e7\u00e3o contribu\u00edram significativamente para o sucesso do evento, levando conhecimentos essenciais para a atua\u00e7\u00e3o profissional e para a constru\u00e7\u00e3o de uma gest\u00e3o cada vez mais eficiente, moderna e preparada para os desafios atuais.<\/p>\n<p>Mais do que uma comemora\u00e7\u00e3o, os 50 anos do Coren-MA representaram a valoriza\u00e7\u00e3o de uma trajet\u00f3ria constru\u00edda com dedica\u00e7\u00e3o, compromisso e respeito \u00e0 Enfermagem maranhense, celebrando conquistas do passado, fortalecendo o presente e inspirando o futuro da profiss\u00e3o.<\/p>\n","protected":false},"excerpt":{"rendered":"<p>O Conselho Regional de Enfermagem do Maranh\u00e3o (Coren-MA) viveu um momento hist\u00f3rico ao celebrar seus 50 anos de atua\u00e7\u00e3o em uma solenidade marcada pelo reconhecimento, valoriza\u00e7\u00e3o da Enfermagem e pela presen\u00e7a de grandes nomes da pol\u00edtica maranhense e nacional. A programa\u00e7\u00e3o especial destacou a trajet\u00f3ria do Conselho e sua contribui\u00e7\u00e3o para o fortalecimento da profiss\u00e3o &hellip;<\/p>\n<p class=\"read-more\"> <a class=\"\" href=\"https:\/\/corenma.gov.br\/site2\/coren-ma-celebra-50-anos-de-historia-com-homenagens-e-fortalecimento-institucional-durante-o-semad-2026\/\"> <span class=\"screen-reader-text\">Coren-MA celebra 50 anos de hist\u00f3ria com homenagens e fortalecimento institucional durante o SEMAD 2026<\/span> Leia mais &raquo;<\/a><\/p>\n","protected":false},"author":27,"featured_media":25442,"comment_status":"open","ping_status":"open","sticky":false,"template":"","format":"standard","meta":{"site-sidebar-layout":"default","site-content-layout":"default","ast-global-header-display":"","ast-banner-title-visibility":"","ast-main-header-display":"","ast-hfb-above-header-display":"","ast-hfb-below-header-display":"","ast-hfb-mobile-header-display":"","site-post-title":"","ast-breadcrumbs-content":"","ast-featured-img":"","footer-sml-layout":"","theme-transparent-header-meta":"default","adv-header-id-meta":"","stick-header-meta":"","header-above-stick-meta":"","header-main-stick-meta":"","header-below-stick-meta":"","footnotes":""},"categories":[2],"tags":[],"yoast_head":"<!-- This site is optimized with the Yoast SEO plugin v20.11 - https:\/\/yoast.com\/wordpress\/plugins\/seo\/ -->\n<title>Coren-MA celebra 50 anos de hist\u00f3ria com homenagens e fortalecimento institucional durante o SEMAD 2026 - Conselho Regional de Enfermagem do Maranh\u00e3o<\/title>\n<meta name=\"robots\" content=\"index, follow, max-snippet:-1, max-image-preview:large, max-video-preview:-1\" \/>\n<link rel=\"canonical\" href=\"https:\/\/corenma.gov.br\/site2\/coren-ma-celebra-50-anos-de-historia-com-homenagens-e-fortalecimento-institucional-durante-o-semad-2026\/\" \/>\n<meta property=\"og:locale\" content=\"pt_BR\" \/>\n<meta property=\"og:type\" content=\"article\" \/>\n<meta property=\"og:title\" content=\"Coren-MA celebra 50 anos de hist\u00f3ria com homenagens e fortalecimento institucional durante o SEMAD 2026 - Conselho Regional de Enfermagem do Maranh\u00e3o\" \/>\n<meta property=\"og:description\" content=\"O Conselho Regional de Enfermagem do Maranh\u00e3o (Coren-MA) viveu um momento hist\u00f3rico ao celebrar seus 50 anos de atua\u00e7\u00e3o em uma solenidade marcada pelo reconhecimento, valoriza\u00e7\u00e3o da Enfermagem e pela presen\u00e7a de grandes nomes da pol\u00edtica maranhense e nacional. A programa\u00e7\u00e3o especial destacou a trajet\u00f3ria do Conselho e sua contribui\u00e7\u00e3o para o fortalecimento da profiss\u00e3o &hellip; Coren-MA celebra 50 anos de hist\u00f3ria com homenagens e fortalecimento institucional durante o SEMAD 2026 Leia mais &raquo;\" \/>\n<meta property=\"og:url\" content=\"https:\/\/corenma.gov.br\/site2\/coren-ma-celebra-50-anos-de-historia-com-homenagens-e-fortalecimento-institucional-durante-o-semad-2026\/\" \/>\n<meta property=\"og:site_name\" content=\"Conselho Regional de Enfermagem do Maranh\u00e3o\" \/>\n<meta property=\"article:published_time\" content=\"2026-04-27T14:03:57+00:00\" \/>\n<meta property=\"og:image\" content=\"https:\/\/corenma.gov.br\/site2\/wp-content\/uploads\/2026\/04\/0K0A7211.jpg\" \/>\n\t<meta property=\"og:image:width\" content=\"1024\" \/>\n\t<meta property=\"og:image:height\" content=\"683\" \/>\n\t<meta property=\"og:image:type\" content=\"image\/jpeg\" \/>\n<meta name=\"author\" content=\"Beatriz Veras\" \/>\n<meta name=\"twitter:card\" content=\"summary_large_image\" \/>\n<meta name=\"twitter:label1\" content=\"Escrito por\" \/>\n\t<meta name=\"twitter:data1\" content=\"Beatriz Veras\" \/>\n\t<meta name=\"twitter:label2\" content=\"Est. tempo de leitura\" \/>\n\t<meta name=\"twitter:data2\" content=\"2 minutos\" \/>\n<script type=\"application\/ld+json\" class=\"yoast-schema-graph\">{\"@context\":\"https:\/\/schema.org\",\"@graph\":[{\"@type\":\"Article\",\"@id\":\"https:\/\/corenma.gov.br\/site2\/coren-ma-celebra-50-anos-de-historia-com-homenagens-e-fortalecimento-institucional-durante-o-semad-2026\/#article\",\"isPartOf\":{\"@id\":\"https:\/\/corenma.gov.br\/site2\/coren-ma-celebra-50-anos-de-historia-com-homenagens-e-fortalecimento-institucional-durante-o-semad-2026\/\"},\"author\":{\"name\":\"Beatriz Veras\",\"@id\":\"https:\/\/corenma.gov.br\/site2\/#\/schema\/person\/7a83dc12a8625643a53778daef2a3be2\"},\"headline\":\"Coren-MA celebra 50 anos de hist\u00f3ria com homenagens e fortalecimento institucional durante o SEMAD 2026\",\"datePublished\":\"2026-04-27T14:03:57+00:00\",\"dateModified\":\"2026-04-27T14:03:57+00:00\",\"mainEntityOfPage\":{\"@id\":\"https:\/\/corenma.gov.br\/site2\/coren-ma-celebra-50-anos-de-historia-com-homenagens-e-fortalecimento-institucional-durante-o-semad-2026\/\"},\"wordCount\":342,\"commentCount\":0,\"publisher\":{\"@id\":\"https:\/\/corenma.gov.br\/site2\/#organization\"},\"articleSection\":[\"Not\u00edcias\"],\"inLanguage\":\"pt-BR\",\"potentialAction\":[{\"@type\":\"CommentAction\",\"name\":\"Comment\",\"target\":[\"https:\/\/corenma.gov.br\/site2\/coren-ma-celebra-50-anos-de-historia-com-homenagens-e-fortalecimento-institucional-durante-o-semad-2026\/#respond\"]}]},{\"@type\":\"WebPage\",\"@id\":\"https:\/\/corenma.gov.br\/site2\/coren-ma-celebra-50-anos-de-historia-com-homenagens-e-fortalecimento-institucional-durante-o-semad-2026\/\",\"url\":\"https:\/\/corenma.gov.br\/site2\/coren-ma-celebra-50-anos-de-historia-com-homenagens-e-fortalecimento-institucional-durante-o-semad-2026\/\",\"name\":\"Coren-MA celebra 50 anos de hist\u00f3ria com homenagens e fortalecimento institucional durante o SEMAD 2026 - Conselho Regional de Enfermagem do Maranh\u00e3o\",\"isPartOf\":{\"@id\":\"https:\/\/corenma.gov.br\/site2\/#website\"},\"datePublished\":\"2026-04-27T14:03:57+00:00\",\"dateModified\":\"2026-04-27T14:03:57+00:00\",\"breadcrumb\":{\"@id\":\"https:\/\/corenma.gov.br\/site2\/coren-ma-celebra-50-anos-de-historia-com-homenagens-e-fortalecimento-institucional-durante-o-semad-2026\/#breadcrumb\"},\"inLanguage\":\"pt-BR\",\"potentialAction\":[{\"@type\":\"ReadAction\",\"target\":[\"https:\/\/corenma.gov.br\/site2\/coren-ma-celebra-50-anos-de-historia-com-homenagens-e-fortalecimento-institucional-durante-o-semad-2026\/\"]}]},{\"@type\":\"BreadcrumbList\",\"@id\":\"https:\/\/corenma.gov.br\/site2\/coren-ma-celebra-50-anos-de-historia-com-homenagens-e-fortalecimento-institucional-durante-o-semad-2026\/#breadcrumb\",\"itemListElement\":[{\"@type\":\"ListItem\",\"position\":1,\"name\":\"In\u00edcio\",\"item\":\"https:\/\/corenma.gov.br\/site2\/\"},{\"@type\":\"ListItem\",\"position\":2,\"name\":\"Coren-MA celebra 50 anos de hist\u00f3ria com homenagens e fortalecimento institucional durante o SEMAD 2026\"}]},{\"@type\":\"WebSite\",\"@id\":\"https:\/\/corenma.gov.br\/site2\/#website\",\"url\":\"https:\/\/corenma.gov.br\/site2\/\",\"name\":\"Conselho Regional de Enfermagem do Maranh\u00e3o\",\"description\":\"\",\"publisher\":{\"@id\":\"https:\/\/corenma.gov.br\/site2\/#organization\"},\"potentialAction\":[{\"@type\":\"SearchAction\",\"target\":{\"@type\":\"EntryPoint\",\"urlTemplate\":\"https:\/\/corenma.gov.br\/site2\/?s={search_term_string}\"},\"query-input\":\"required name=search_term_string\"}],\"inLanguage\":\"pt-BR\"},{\"@type\":\"Organization\",\"@id\":\"https:\/\/corenma.gov.br\/site2\/#organization\",\"name\":\"Conselho Regional de Enfermagem do Maranh\u00e3o\",\"url\":\"https:\/\/corenma.gov.br\/site2\/\",\"logo\":{\"@type\":\"ImageObject\",\"inLanguage\":\"pt-BR\",\"@id\":\"https:\/\/corenma.gov.br\/site2\/#\/schema\/logo\/image\/\",\"url\":\"https:\/\/corenma.gov.br\/site2\/wp-content\/uploads\/2023\/06\/logo-1.png\",\"contentUrl\":\"https:\/\/corenma.gov.br\/site2\/wp-content\/uploads\/2023\/06\/logo-1.png\",\"width\":156,\"height\":40,\"caption\":\"Conselho Regional de Enfermagem do Maranh\u00e3o\"},\"image\":{\"@id\":\"https:\/\/corenma.gov.br\/site2\/#\/schema\/logo\/image\/\"}},{\"@type\":\"Person\",\"@id\":\"https:\/\/corenma.gov.br\/site2\/#\/schema\/person\/7a83dc12a8625643a53778daef2a3be2\",\"name\":\"Beatriz Veras\",\"image\":{\"@type\":\"ImageObject\",\"inLanguage\":\"pt-BR\",\"@id\":\"https:\/\/corenma.gov.br\/site2\/#\/schema\/person\/image\/\",\"url\":\"https:\/\/secure.gravatar.com\/avatar\/346bf1f6f73aa48a4b1b26f3a446ca8e?s=96&d=mm&r=g\",\"contentUrl\":\"https:\/\/secure.gravatar.com\/avatar\/346bf1f6f73aa48a4b1b26f3a446ca8e?s=96&d=mm&r=g\",\"caption\":\"Beatriz Veras\"},\"url\":\"https:\/\/corenma.gov.br\/site2\/author\/beatriz-veras\/\"}]}<\/script>\n<!-- \/ Yoast SEO plugin. -->","yoast_head_json":{"title":"Coren-MA celebra 50 anos de hist\u00f3ria com homenagens e fortalecimento institucional durante o SEMAD 2026 - Conselho Regional de Enfermagem do Maranh\u00e3o","robots":{"index":"index","follow":"follow","max-snippet":"max-snippet:-1","max-image-preview":"max-image-preview:large","max-video-preview":"max-video-preview:-1"},"canonical":"https:\/\/corenma.gov.br\/site2\/coren-ma-celebra-50-anos-de-historia-com-homenagens-e-fortalecimento-institucional-durante-o-semad-2026\/","og_locale":"pt_BR","og_type":"article","og_title":"Coren-MA celebra 50 anos de hist\u00f3ria com homenagens e fortalecimento institucional durante o SEMAD 2026 - Conselho Regional de Enfermagem do Maranh\u00e3o","og_description":"O Conselho Regional de Enfermagem do Maranh\u00e3o (Coren-MA) viveu um momento hist\u00f3rico ao celebrar seus 50 anos de atua\u00e7\u00e3o em uma solenidade marcada pelo reconhecimento, valoriza\u00e7\u00e3o da Enfermagem e pela presen\u00e7a de grandes nomes da pol\u00edtica maranhense e nacional. A programa\u00e7\u00e3o especial destacou a trajet\u00f3ria do Conselho e sua contribui\u00e7\u00e3o para o fortalecimento da profiss\u00e3o &hellip; Coren-MA celebra 50 anos de hist\u00f3ria com homenagens e fortalecimento institucional durante o SEMAD 2026 Leia mais &raquo;","og_url":"https:\/\/corenma.gov.br\/site2\/coren-ma-celebra-50-anos-de-historia-com-homenagens-e-fortalecimento-institucional-durante-o-semad-2026\/","og_site_name":"Conselho Regional de Enfermagem do Maranh\u00e3o","article_published_time":"2026-04-27T14:03:57+00:00","og_image":[{"url":"https:\/\/corenma.gov.br\/site2\/wp-content\/uploads\/2026\/04\/0K0A7211.jpg","width":1024,"height":683,"type":"image\/jpeg"}],"author":"Beatriz Veras","twitter_card":"summary_large_image","twitter_misc":{"Escrito por":"Beatriz Veras","Est. tempo de leitura":"2 minutos"},"schema":{"@context":"https:\/\/schema.org","@graph":[{"@type":"Article","@id":"https:\/\/corenma.gov.br\/site2\/coren-ma-celebra-50-anos-de-historia-com-homenagens-e-fortalecimento-institucional-durante-o-semad-2026\/#article","isPartOf":{"@id":"https:\/\/corenma.gov.br\/site2\/coren-ma-celebra-50-anos-de-historia-com-homenagens-e-fortalecimento-institucional-durante-o-semad-2026\/"},"author":{"name":"Beatriz Veras","@id":"https:\/\/corenma.gov.br\/site2\/#\/schema\/person\/7a83dc12a8625643a53778daef2a3be2"},"headline":"Coren-MA celebra 50 anos de hist\u00f3ria com homenagens e fortalecimento institucional durante o SEMAD 2026","datePublished":"2026-04-27T14:03:57+00:00","dateModified":"2026-04-27T14:03:57+00:00","mainEntityOfPage":{"@id":"https:\/\/corenma.gov.br\/site2\/coren-ma-celebra-50-anos-de-historia-com-homenagens-e-fortalecimento-institucional-durante-o-semad-2026\/"},"wordCount":342,"commentCount":0,"publisher":{"@id":"https:\/\/corenma.gov.br\/site2\/#organization"},"articleSection":["Not\u00edcias"],"inLanguage":"pt-BR","potentialAction":[{"@type":"CommentAction","name":"Comment","target":["https:\/\/corenma.gov.br\/site2\/coren-ma-celebra-50-anos-de-historia-com-homenagens-e-fortalecimento-institucional-durante-o-semad-2026\/#respond"]}]},{"@type":"WebPage","@id":"https:\/\/corenma.gov.br\/site2\/coren-ma-celebra-50-anos-de-historia-com-homenagens-e-fortalecimento-institucional-durante-o-semad-2026\/","url":"https:\/\/corenma.gov.br\/site2\/coren-ma-celebra-50-anos-de-historia-com-homenagens-e-fortalecimento-institucional-durante-o-semad-2026\/","name":"Coren-MA celebra 50 anos de hist\u00f3ria com homenagens e fortalecimento institucional durante o SEMAD 2026 - Conselho Regional de Enfermagem do Maranh\u00e3o","isPartOf":{"@id":"https:\/\/corenma.gov.br\/site2\/#website"},"datePublished":"2026-04-27T14:03:57+00:00","dateModified":"2026-04-27T14:03:57+00:00","breadcrumb":{"@id":"https:\/\/corenma.gov.br\/site2\/coren-ma-celebra-50-anos-de-historia-com-homenagens-e-fortalecimento-institucional-durante-o-semad-2026\/#breadcrumb"},"inLanguage":"pt-BR","potentialAction":[{"@type":"ReadAction","target":["https:\/\/corenma.gov.br\/site2\/coren-ma-celebra-50-anos-de-historia-com-homenagens-e-fortalecimento-institucional-durante-o-semad-2026\/"]}]},{"@type":"BreadcrumbList","@id":"https:\/\/corenma.gov.br\/site2\/coren-ma-celebra-50-anos-de-historia-com-homenagens-e-fortalecimento-institucional-durante-o-semad-2026\/#breadcrumb","itemListElement":[{"@type":"ListItem","position":1,"name":"In\u00edcio","item":"https:\/\/corenma.gov.br\/site2\/"},{"@type":"ListItem","position":2,"name":"Coren-MA celebra 50 anos de hist\u00f3ria com homenagens e fortalecimento institucional durante o SEMAD 2026"}]},{"@type":"WebSite","@id":"https:\/\/corenma.gov.br\/site2\/#website","url":"https:\/\/corenma.gov.br\/site2\/","name":"Conselho Regional de Enfermagem do Maranh\u00e3o","description":"","publisher":{"@id":"https:\/\/corenma.gov.br\/site2\/#organization"},"potentialAction":[{"@type":"SearchAction","target":{"@type":"EntryPoint","urlTemplate":"https:\/\/corenma.gov.br\/site2\/?s={search_term_string}"},"query-input":"required name=search_term_string"}],"inLanguage":"pt-BR"},{"@type":"Organization","@id":"https:\/\/corenma.gov.br\/site2\/#organization","name":"Conselho Regional de Enfermagem do Maranh\u00e3o","url":"https:\/\/corenma.gov.br\/site2\/","logo":{"@type":"ImageObject","inLanguage":"pt-BR","@id":"https:\/\/corenma.gov.br\/site2\/#\/schema\/logo\/image\/","url":"https:\/\/corenma.gov.br\/site2\/wp-content\/uploads\/2023\/06\/logo-1.png","contentUrl":"https:\/\/corenma.gov.br\/site2\/wp-content\/uploads\/2023\/06\/logo-1.png","width":156,"height":40,"caption":"Conselho Regional de Enfermagem do Maranh\u00e3o"},"image":{"@id":"https:\/\/corenma.gov.br\/site2\/#\/schema\/logo\/image\/"}},{"@type":"Person","@id":"https:\/\/corenma.gov.br\/site2\/#\/schema\/person\/7a83dc12a8625643a53778daef2a3be2","name":"Beatriz Veras","image":{"@type":"ImageObject","inLanguage":"pt-BR","@id":"https:\/\/corenma.gov.br\/site2\/#\/schema\/person\/image\/","url":"https:\/\/secure.gravatar.com\/avatar\/346bf1f6f73aa48a4b1b26f3a446ca8e?s=96&d=mm&r=g","contentUrl":"https:\/\/secure.gravatar.com\/avatar\/346bf1f6f73aa48a4b1b26f3a446ca8e?s=96&d=mm&r=g","caption":"Beatriz Veras"},"url":"https:\/\/corenma.gov.br\/site2\/author\/beatriz-veras\/"}]}},"_links":{"self":[{"href":"https:\/\/corenma.gov.br\/site2\/wp-json\/wp\/v2\/posts\/25441"}],"collection":[{"href":"https:\/\/corenma.gov.br\/site2\/wp-json\/wp\/v2\/posts"}],"about":[{"href":"https:\/\/corenma.gov.br\/site2\/wp-json\/wp\/v2\/types\/post"}],"author":[{"embeddable":true,"href":"https:\/\/corenma.gov.br\/site2\/wp-json\/wp\/v2\/users\/27"}],"replies":[{"embeddable":true,"href":"https:\/\/corenma.gov.br\/site2\/wp-json\/wp\/v2\/comments?post=25441"}],"version-history":[{"count":1,"href":"https:\/\/corenma.gov.br\/site2\/wp-json\/wp\/v2\/posts\/25441\/revisions"}],"predecessor-version":[{"id":25443,"href":"https:\/\/corenma.gov.br\/site2\/wp-json\/wp\/v2\/posts\/25441\/revisions\/25443"}],"wp:featuredmedia":[{"embeddable":true,"href":"https:\/\/corenma.gov.br\/site2\/wp-json\/wp\/v2\/media\/25442"}],"wp:attachment":[{"href":"https:\/\/corenma.gov.br\/site2\/wp-json\/wp\/v2\/media?parent=25441"}],"wp:term":[{"taxonomy":"category","embeddable":true,"href":"https:\/\/corenma.gov.br\/site2\/wp-json\/wp\/v2\/categories?post=25441"},{"taxonomy":"post_tag","embeddable":true,"href":"https:\/\/corenma.gov.br\/site2\/wp-json\/wp\/v2\/tags?post=25441"}],"curies":[{"name":"wp","href":"https:\/\/api.w.org\/{rel}","templated":true}]}}